{"id":1259,"date":"2023-02-24T12:58:02","date_gmt":"2023-02-24T12:58:02","guid":{"rendered":"https:\/\/kickboxing.com.ar\/?p=1259"},"modified":"2023-03-10T15:19:05","modified_gmt":"2023-03-10T15:19:05","slug":"seminario-taller-de-coreografo-marcial","status":"publish","type":"post","link":"https:\/\/kickboxing.com.ar\/index.php\/2023\/02\/24\/seminario-taller-de-coreografo-marcial\/","title":{"rendered":"Seminario \/ taller de core\u00f3grafo marcial"},"content":{"rendered":"\t\t<div data-elementor-type=\"wp-post\" data-elementor-id=\"1259\" class=\"elementor elementor-1259\">\n\t\t\t\t\t\t\t\t\t<section class=\"elementor-section elementor-top-section elementor-element elementor-element-2135334f elementor-section-boxed elementor-section-height-default elementor-section-height-default\" data-id=\"2135334f\" data-element_type=\"section\" data-settings=\"{&quot;background_background&quot;:&quot;slideshow&quot;,&quot;background_slideshow_gallery&quot;:[{&quot;id&quot;:20,&quot;url&quot;:&quot;http:\\\/\\\/kickboxing.com.ar\\\/wp-content\\\/uploads\\\/2022\\\/01\\\/38_Gym_AppService-Videos-img_2.jpg&quot;}],&quot;background_slideshow_loop&quot;:&quot;yes&quot;,&quot;background_slideshow_slide_duration&quot;:5000,&quot;background_slideshow_slide_transition&quot;:&quot;fade&quot;,&quot;background_slideshow_transition_duration&quot;:500}\">\n\t\t\t\t\t\t<div class=\"elementor-container elementor-column-gap-default\">\n\t\t\t\t\t<div class=\"elementor-column elementor-col-100 elementor-top-column elementor-element elementor-element-17eb34ab\" data-id=\"17eb34ab\" data-element_type=\"column\">\n\t\t\t<div class=\"elementor-widget-wrap elementor-element-populated\">\n\t\t\t\t\t\t\t\t<div class=\"elementor-element elementor-element-4b9bdbd0 elementor-invisible elementor-widget elementor-widget-heading\" data-id=\"4b9bdbd0\" data-element_type=\"widget\" data-settings=\"{&quot;_animation&quot;:&quot;fadeInLeft&quot;}\" data-widget_type=\"heading.default\">\n\t\t\t\t<div class=\"elementor-widget-container\">\n\t\t\t<style>\/*! elementor - v3.6.0 - 21-03-2022 *\/\n.elementor-heading-title{padding:0;margin:0;line-height:1}.elementor-widget-heading .elementor-heading-title[class*=elementor-size-]>a{color:inherit;font-size:inherit;line-height:inherit}.elementor-widget-heading .elementor-heading-title.elementor-size-small{font-size:15px}.elementor-widget-heading .elementor-heading-title.elementor-size-medium{font-size:19px}.elementor-widget-heading .elementor-heading-title.elementor-size-large{font-size:29px}.elementor-widget-heading .elementor-heading-title.elementor-size-xl{font-size:39px}.elementor-widget-heading .elementor-heading-title.elementor-size-xxl{font-size:59px}<\/style><h2 class=\"elementor-heading-title elementor-size-default\">Capacitaci\u00f3n en dise\u00f1o coreogr\u00e1fico marcial<\/h2>\t\t<\/div>\n\t\t\t\t<\/div>\n\t\t\t\t\t<\/div>\n\t\t<\/div>\n\t\t\t\t\t\t\t<\/div>\n\t\t<\/section>\n\t\t\t\t<section class=\"elementor-section elementor-top-section elementor-element elementor-element-5edaa71d elementor-section-boxed elementor-section-height-default elementor-section-height-default\" data-id=\"5edaa71d\" data-element_type=\"section\" data-settings=\"{&quot;background_background&quot;:&quot;slideshow&quot;,&quot;background_slideshow_slide_transition&quot;:&quot;slide_right&quot;,&quot;background_slideshow_gallery&quot;:[],&quot;background_slideshow_loop&quot;:&quot;yes&quot;,&quot;background_slideshow_slide_duration&quot;:5000,&quot;background_slideshow_transition_duration&quot;:500}\">\n\t\t\t\t\t\t\t<div class=\"elementor-background-overlay\"><\/div>\n\t\t\t\t\t\t\t<div class=\"elementor-container elementor-column-gap-default\">\n\t\t\t\t\t<div class=\"elementor-column elementor-col-100 elementor-top-column elementor-element elementor-element-37384c15\" data-id=\"37384c15\" data-element_type=\"column\" data-settings=\"{&quot;background_background&quot;:&quot;classic&quot;}\">\n\t\t\t<div class=\"elementor-widget-wrap elementor-element-populated\">\n\t\t\t\t\t<div class=\"elementor-background-overlay\"><\/div>\n\t\t\t\t\t\t\t\t<div class=\"elementor-element elementor-element-5e87d398 elementor-widget elementor-widget-text-editor\" data-id=\"5e87d398\" data-element_type=\"widget\" data-widget_type=\"text-editor.default\">\n\t\t\t\t<div class=\"elementor-widget-container\">\n\t\t\t<style>\/*! elementor - v3.6.0 - 21-03-2022 *\/\n.elementor-widget-text-editor.elementor-drop-cap-view-stacked .elementor-drop-cap{background-color:#818a91;color:#fff}.elementor-widget-text-editor.elementor-drop-cap-view-framed .elementor-drop-cap{color:#818a91;border:3px solid;background-color:transparent}.elementor-widget-text-editor:not(.elementor-drop-cap-view-default) .elementor-drop-cap{margin-top:8px}.elementor-widget-text-editor:not(.elementor-drop-cap-view-default) .elementor-drop-cap-letter{width:1em;height:1em}.elementor-widget-text-editor .elementor-drop-cap{float:left;text-align:center;line-height:1;font-size:50px}.elementor-widget-text-editor .elementor-drop-cap-letter{display:inline-block}<\/style>\t\t\t\t<p>La Academia A13, dentro de sus propuestas de Capacitaci\u00f3n, considera como l\u00ednea de acci\u00f3n la creaci\u00f3n de un seminario \/ taller de formaci\u00f3n que posibilite a los profesores, instructores y practicantes de disciplinas marciales acceder a una preparaci\u00f3n que los habilite para crear, conducir y ejecutar coreograf\u00edas marciales que sean aplicables para la competencia como en otros \u00e1mbitos de ense\u00f1anza marcial o actividades espec\u00edficas, \u00a0ya que las mismas exigen una serie de conocimientos especializados para su correcta ejecuci\u00f3n.<\/p><p><span style=\"vertical-align: inherit;\"><span style=\"vertical-align: inherit;\"><span style=\"vertical-align: inherit;\"><span style=\"vertical-align: inherit;\"><span style=\"vertical-align: inherit;\"><span style=\"vertical-align: inherit;\"><span style=\"vertical-align: inherit;\"><span style=\"vertical-align: inherit;\">Esta capacitaci\u00f3n se centra en la consolidaci\u00f3n de los conocimientos y aptitudes mediante formaciones t\u00e9cnicas espec\u00edficas para el dise\u00f1o de formas musicales y coreograf\u00edas marciales basadas en la reglamentaci\u00f3n WAKO, destinadas a practicantes marciales, profesores, preparadores f\u00edsicos, asistentes y \u00a0deportistas, buscando mediante la adquisici\u00f3n de conocimientos profesionalizar un \u00e1rea deportiva que se encuentra en constante crecimiento<\/span><\/span><\/span><\/span><\/span><\/span><\/span><\/span><\/p>\t\t\t\t\t\t<\/div>\n\t\t\t\t<\/div>\n\t\t\t\t<div class=\"elementor-element elementor-element-9c8cb71 elementor-align-center elementor-widget elementor-widget-button\" data-id=\"9c8cb71\" data-element_type=\"widget\" data-widget_type=\"button.default\">\n\t\t\t\t<div class=\"elementor-widget-container\">\n\t\t\t\t\t<div class=\"elementor-button-wrapper\">\n\t\t\t<a href=\"https:\/\/gestionateonline.com.ar\/?product=seminario-taller-de-coreografo-marcial\" class=\"elementor-button-link elementor-button elementor-size-sm\" role=\"button\">\n\t\t\t\t\t\t<span class=\"elementor-button-content-wrapper\">\n\t\t\t\t\t\t<span class=\"elementor-button-text\">Empezar ahora<\/span>\n\t\t<\/span>\n\t\t\t\t\t<\/a>\n\t\t<\/div>\n\t\t\t\t<\/div>\n\t\t\t\t<\/div>\n\t\t\t\t\t<\/div>\n\t\t<\/div>\n\t\t\t\t\t\t\t<\/div>\n\t\t<\/section>\n\t\t\t\t<section class=\"elementor-section elementor-top-section elementor-element elementor-element-7f4ed7f3 elementor-section-boxed elementor-section-height-default elementor-section-height-default\" data-id=\"7f4ed7f3\" data-element_type=\"section\">\n\t\t\t\t\t\t<div class=\"elementor-container elementor-column-gap-default\">\n\t\t\t\t\t<div class=\"elementor-column elementor-col-50 elementor-top-column elementor-element elementor-element-149ea46d\" data-id=\"149ea46d\" data-element_type=\"column\" data-settings=\"{&quot;background_background&quot;:&quot;classic&quot;}\">\n\t\t\t<div class=\"elementor-widget-wrap elementor-element-populated\">\n\t\t\t\t\t<div class=\"elementor-background-overlay\"><\/div>\n\t\t\t\t\t\t\t\t<div class=\"elementor-element elementor-element-4347a388 elementor-widget elementor-widget-image\" data-id=\"4347a388\" data-element_type=\"widget\" data-widget_type=\"image.default\">\n\t\t\t\t<div class=\"elementor-widget-container\">\n\t\t\t<style>\/*! elementor - v3.6.0 - 21-03-2022 *\/\n.elementor-widget-image{text-align:center}.elementor-widget-image a{display:inline-block}.elementor-widget-image a img[src$=\".svg\"]{width:48px}.elementor-widget-image img{vertical-align:middle;display:inline-block}<\/style>\t\t\t\t\t\t\t\t\t\t\t\t<img width=\"967\" height=\"420\" src=\"https:\/\/kickboxing.com.ar\/wp-content\/uploads\/2023\/02\/EQUIPO.png\" class=\"attachment-large size-large\" alt=\"\" loading=\"lazy\" srcset=\"https:\/\/kickboxing.com.ar\/wp-content\/uploads\/2023\/02\/EQUIPO.png 967w, https:\/\/kickboxing.com.ar\/wp-content\/uploads\/2023\/02\/EQUIPO-300x130.png 300w, https:\/\/kickboxing.com.ar\/wp-content\/uploads\/2023\/02\/EQUIPO-768x334.png 768w\" sizes=\"(max-width: 967px) 100vw, 967px\" \/>\t\t\t\t\t\t\t\t\t\t\t\t\t\t\t<\/div>\n\t\t\t\t<\/div>\n\t\t\t\t<div class=\"elementor-element elementor-element-2a70f18 elementor-align-center elementor-widget elementor-widget-button\" data-id=\"2a70f18\" data-element_type=\"widget\" data-widget_type=\"button.default\">\n\t\t\t\t<div class=\"elementor-widget-container\">\n\t\t\t\t\t<div class=\"elementor-button-wrapper\">\n\t\t\t<a href=\"https:\/\/gestionateonline.com.ar\/?product=seminario-taller-de-coreografo-marcial\" class=\"elementor-button-link elementor-button elementor-size-sm\" role=\"button\">\n\t\t\t\t\t\t<span class=\"elementor-button-content-wrapper\">\n\t\t\t\t\t\t<span class=\"elementor-button-text\">Empezar ahora<\/span>\n\t\t<\/span>\n\t\t\t\t\t<\/a>\n\t\t<\/div>\n\t\t\t\t<\/div>\n\t\t\t\t<\/div>\n\t\t\t\t\t<\/div>\n\t\t<\/div>\n\t\t\t\t<div class=\"elementor-column elementor-col-50 elementor-top-column elementor-element elementor-element-216eb3b1\" data-id=\"216eb3b1\" data-element_type=\"column\">\n\t\t\t<div class=\"elementor-widget-wrap elementor-element-populated\">\n\t\t\t\t\t\t\t\t<div class=\"elementor-element elementor-element-311597cf elementor-widget elementor-widget-text-editor\" data-id=\"311597cf\" data-element_type=\"widget\" data-widget_type=\"text-editor.default\">\n\t\t\t\t<div class=\"elementor-widget-container\">\n\t\t\t\t\t\t\t<blockquote><p><span style=\"vertical-align: inherit;\"><span style=\"vertical-align: inherit;\">Capacitar a los profesionales del kickboxing y artes marciales afines a desarrollar habilidades t\u00e9cnicas en el entrenamiento, planificaci\u00f3n, creaci\u00f3n y ejecuci\u00f3n de coreograf\u00eda marcial vinculadas con los deportes de combate que sean aplicables para la competencia como en otros alrededores de ense\u00f1anza marcial o actividades espec\u00edficas.<\/span><\/span><\/p><\/blockquote><p><strong><span style=\"vertical-align: inherit;\"><span style=\"vertical-align: inherit;\">DENOMINACI\u00d3N, <\/span><\/span><\/strong><strong><span style=\"vertical-align: inherit;\"><span style=\"vertical-align: inherit;\">OBJETIVOS Y CONTENIDOS <\/span><\/span><\/strong><strong><span style=\"vertical-align: inherit;\"><span style=\"vertical-align: inherit;\">DE LAS UNIDADES CURRICULARES<\/span><\/span><\/strong><\/p><p><strong><span style=\"vertical-align: inherit;\"><span style=\"vertical-align: inherit;\">UNIDAD 1: <\/span><\/span><\/strong><strong><span style=\"vertical-align: inherit;\"><span style=\"vertical-align: inherit;\">L <\/span><\/span><\/strong><strong><span style=\"vertical-align: inherit;\"><span style=\"vertical-align: inherit;\">as disciplinas coreogr\u00e1ficas en los deportes de combate. <\/span><span style=\"vertical-align: inherit;\">Sistemas de competencia.<\/span><\/span><\/strong><\/p><p><strong><span style=\"vertical-align: inherit;\"><span style=\"vertical-align: inherit;\">Contenidos:<\/span><\/span><\/strong><span style=\"vertical-align: inherit;\"><span style=\"vertical-align: inherit;\"> Elementos esenciales del deporte. <\/span><span style=\"vertical-align: inherit;\">Conceptos reglamentarios. <\/span><span style=\"vertical-align: inherit;\">Diferenciaci\u00f3n entre las modalidades. <\/span><span style=\"vertical-align: inherit;\">Caracterizaci\u00f3n de las distintas t\u00e9cnicas utilizadas en el kickboxing y sus fundamentos. <\/span><span style=\"vertical-align: inherit;\">T\u00e9cnicas permitidas y vestimenta<\/span><\/span><\/p><p><strong><span style=\"vertical-align: inherit;\"><span style=\"vertical-align: inherit;\">UNIDAD 2 <\/span><\/span><\/strong> <strong><span style=\"vertical-align: inherit;\"><span style=\"vertical-align: inherit;\">\u00a0Armado de coreograf\u00edas \u2013 Montaje \u2013 T\u00e9cnicas y conocimiento de diferentes disciplinas<\/span><\/span><\/strong><\/p><p><strong><span style=\"vertical-align: inherit;\"><span style=\"vertical-align: inherit;\">Contenidos:<\/span><\/span><\/strong><span style=\"vertical-align: inherit;\"><span style=\"vertical-align: inherit;\"> Dise\u00f1o coreogr\u00e1fico basado en las reglamentaciones. <\/span><span style=\"vertical-align: inherit;\">El tiempo musical. <\/span><span style=\"vertical-align: inherit;\">La m\u00fasica como factor de dise\u00f1o. <\/span><span style=\"vertical-align: inherit;\">El dise\u00f1o de la forma. <\/span><span style=\"vertical-align: inherit;\">La expresi\u00f3n corporal. <\/span><span style=\"vertical-align: inherit;\">Est\u00e9tica. <\/span><span style=\"vertical-align: inherit;\">La espacialidad de la forma. <\/span><span style=\"vertical-align: inherit;\">La composici\u00f3n y dise\u00f1o de formas en equipo.<\/span><\/span><\/p><p><strong><span style=\"vertical-align: inherit;\"><span style=\"vertical-align: inherit;\">Proyecto UNIDAD 3<\/span><\/span><\/strong><\/p><p><span style=\"vertical-align: inherit;\"><span style=\"vertical-align: inherit;\">Realizar una forma musical o creativa dise\u00f1ada para la competici\u00f3n final<\/span><\/span><\/p><p><strong><span style=\"vertical-align: inherit;\"><span style=\"vertical-align: inherit;\">Modalidad: semipresencial<\/span><\/span><\/strong><\/p><p><span style=\"vertical-align: inherit;\"><span style=\"vertical-align: inherit;\">Los contenidos de cada unidad tem\u00e1tica se secuenciar\u00e1n en el campus para la modalidad a distancia, articulados con las clases sincr\u00f3nicas que oficiar\u00e1n de presentaci\u00f3n, espacio de intercambio, de consulta y devoluci\u00f3n del proceso de aprendizaje.<\/span><\/span><\/p>\t\t\t\t\t\t<\/div>\n\t\t\t\t<\/div>\n\t\t\t\t\t<\/div>\n\t\t<\/div>\n\t\t\t\t\t\t\t<\/div>\n\t\t<\/section>\n\t\t\t\t<section class=\"elementor-section elementor-top-section elementor-element elementor-element-1391a058 elementor-section-boxed elementor-section-height-default elementor-section-height-default\" data-id=\"1391a058\" data-element_type=\"section\">\n\t\t\t\t\t\t\t<div class=\"elementor-background-overlay\"><\/div>\n\t\t\t\t\t\t\t<div class=\"elementor-container elementor-column-gap-default\">\n\t\t\t\t\t<div class=\"elementor-column elementor-col-33 elementor-top-column elementor-element elementor-element-3b916533\" data-id=\"3b916533\" data-element_type=\"column\" data-settings=\"{&quot;background_background&quot;:&quot;classic&quot;}\">\n\t\t\t<div class=\"elementor-widget-wrap elementor-element-populated\">\n\t\t\t\t\t<div class=\"elementor-background-overlay\"><\/div>\n\t\t\t\t\t\t\t\t<div class=\"elementor-element elementor-element-6b778f42 elementor-widget elementor-widget-image\" data-id=\"6b778f42\" data-element_type=\"widget\" data-widget_type=\"image.default\">\n\t\t\t\t<div class=\"elementor-widget-container\">\n\t\t\t\t\t\t\t\t\t\t\t\t\t\t\t<img width=\"509\" height=\"432\" src=\"https:\/\/kickboxing.com.ar\/wp-content\/uploads\/2022\/01\/38_Gym_AppService-Testimonials_3.jpg\" class=\"attachment-large size-large\" alt=\"\" loading=\"lazy\" srcset=\"https:\/\/kickboxing.com.ar\/wp-content\/uploads\/2022\/01\/38_Gym_AppService-Testimonials_3.jpg 509w, https:\/\/kickboxing.com.ar\/wp-content\/uploads\/2022\/01\/38_Gym_AppService-Testimonials_3-300x255.jpg 300w\" sizes=\"(max-width: 509px) 100vw, 509px\" \/>\t\t\t\t\t\t\t\t\t\t\t\t\t\t\t<\/div>\n\t\t\t\t<\/div>\n\t\t\t\t\t<\/div>\n\t\t<\/div>\n\t\t\t\t<div class=\"elementor-column elementor-col-33 elementor-top-column elementor-element elementor-element-20cbd9a3\" data-id=\"20cbd9a3\" data-element_type=\"column\">\n\t\t\t<div class=\"elementor-widget-wrap elementor-element-populated\">\n\t\t\t\t\t\t\t\t<div class=\"elementor-element elementor-element-71701d6d elementor-widget elementor-widget-text-editor\" data-id=\"71701d6d\" data-element_type=\"widget\" data-widget_type=\"text-editor.default\">\n\t\t\t\t<div class=\"elementor-widget-container\">\n\t\t\t\t\t\t\t<p>\u00a0<\/p><p><strong><span style=\"vertical-align: inherit;\"><span style=\"vertical-align: inherit;\"><span style=\"vertical-align: inherit;\"><span style=\"vertical-align: inherit;\">REQUISITOS<\/span><\/span><\/span><\/span><\/strong><\/p><p>El Seminario \/ taller est\u00e1 destinado a:<\/p><ul><li>Profesores \/ Licenciados de Educaci\u00f3n F\u00edsica<\/li><li>Profesores de artes marciales<\/li><li>Estudiantes de Educaci\u00f3n F\u00edsica<\/li><li>Deportistas<\/li><li>Especialistas en diferentes \u00e1reas del deporte de combate<\/li><li>Entrenadores y\/o preparadores f\u00edsicos<\/li><li>P\u00fablico en general interesado en la tem\u00e1tica<\/li><\/ul><p>\u00a0<\/p>\t\t\t\t\t\t<\/div>\n\t\t\t\t<\/div>\n\t\t\t\t\t<\/div>\n\t\t<\/div>\n\t\t\t\t<div class=\"elementor-column elementor-col-33 elementor-top-column elementor-element elementor-element-3659d366\" data-id=\"3659d366\" data-element_type=\"column\" data-settings=\"{&quot;background_background&quot;:&quot;classic&quot;}\">\n\t\t\t<div class=\"elementor-widget-wrap elementor-element-populated\">\n\t\t\t\t\t<div class=\"elementor-background-overlay\"><\/div>\n\t\t\t\t\t\t\t\t<div class=\"elementor-element elementor-element-6c5b2c51 elementor-widget elementor-widget-image\" data-id=\"6c5b2c51\" data-element_type=\"widget\" data-widget_type=\"image.default\">\n\t\t\t\t<div class=\"elementor-widget-container\">\n\t\t\t\t\t\t\t\t\t\t\t\t\t\t\t<img width=\"509\" height=\"432\" src=\"https:\/\/kickboxing.com.ar\/wp-content\/uploads\/2022\/01\/38_Gym_AppService-Testimonials_1.jpg\" class=\"attachment-large size-large\" alt=\"\" loading=\"lazy\" srcset=\"https:\/\/kickboxing.com.ar\/wp-content\/uploads\/2022\/01\/38_Gym_AppService-Testimonials_1.jpg 509w, https:\/\/kickboxing.com.ar\/wp-content\/uploads\/2022\/01\/38_Gym_AppService-Testimonials_1-300x255.jpg 300w\" sizes=\"(max-width: 509px) 100vw, 509px\" \/>\t\t\t\t\t\t\t\t\t\t\t\t\t\t\t<\/div>\n\t\t\t\t<\/div>\n\t\t\t\t\t<\/div>\n\t\t<\/div>\n\t\t\t\t\t\t\t<\/div>\n\t\t<\/section>\n\t\t\t\t<section class=\"elementor-section elementor-top-section elementor-element elementor-element-48a864a elementor-section-boxed elementor-section-height-default elementor-section-height-default\" data-id=\"48a864a\" data-element_type=\"section\">\n\t\t\t\t\t\t<div class=\"elementor-container elementor-column-gap-default\">\n\t\t\t\t\t<div class=\"elementor-column elementor-col-33 elementor-top-column elementor-element elementor-element-c01294f\" data-id=\"c01294f\" data-element_type=\"column\">\n\t\t\t<div class=\"elementor-widget-wrap elementor-element-populated\">\n\t\t\t\t\t\t\t\t<div class=\"elementor-element elementor-element-2e26961 elementor-widget elementor-widget-image\" data-id=\"2e26961\" data-element_type=\"widget\" data-widget_type=\"image.default\">\n\t\t\t\t<div class=\"elementor-widget-container\">\n\t\t\t\t\t\t\t\t\t\t\t\t\t\t\t<img width=\"870\" height=\"520\" src=\"https:\/\/kickboxing.com.ar\/wp-content\/uploads\/2023\/02\/EQUIPO-2.png\" class=\"attachment-large size-large\" alt=\"\" loading=\"lazy\" srcset=\"https:\/\/kickboxing.com.ar\/wp-content\/uploads\/2023\/02\/EQUIPO-2.png 870w, https:\/\/kickboxing.com.ar\/wp-content\/uploads\/2023\/02\/EQUIPO-2-300x179.png 300w, https:\/\/kickboxing.com.ar\/wp-content\/uploads\/2023\/02\/EQUIPO-2-768x459.png 768w\" sizes=\"(max-width: 870px) 100vw, 870px\" \/>\t\t\t\t\t\t\t\t\t\t\t\t\t\t\t<\/div>\n\t\t\t\t<\/div>\n\t\t\t\t\t<\/div>\n\t\t<\/div>\n\t\t\t\t<div class=\"elementor-column elementor-col-66 elementor-top-column elementor-element elementor-element-d6dfc0b\" data-id=\"d6dfc0b\" data-element_type=\"column\">\n\t\t\t<div class=\"elementor-widget-wrap elementor-element-populated\">\n\t\t\t\t\t\t\t\t<div class=\"elementor-element elementor-element-2d9fa7f elementor-widget elementor-widget-text-editor\" data-id=\"2d9fa7f\" data-element_type=\"widget\" data-widget_type=\"text-editor.default\">\n\t\t\t\t<div class=\"elementor-widget-container\">\n\t\t\t\t\t\t\t<p style=\"text-align: center;\"><span style=\"vertical-align: inherit;\"><span style=\"vertical-align: inherit;\">Al finalizar el curso se entregar\u00e1n certificados a quienes hayan aprobado el mismo\u00a0 expedidos por la C\u00e1mara Argentina para la Formaci\u00f3n Profesional y la Capacitaci\u00f3n Laboral<\/span><\/span><\/p>\t\t\t\t\t\t<\/div>\n\t\t\t\t<\/div>\n\t\t\t\t<div class=\"elementor-element elementor-element-de172a1 elementor-align-center elementor-widget elementor-widget-button\" data-id=\"de172a1\" data-element_type=\"widget\" data-widget_type=\"button.default\">\n\t\t\t\t<div class=\"elementor-widget-container\">\n\t\t\t\t\t<div class=\"elementor-button-wrapper\">\n\t\t\t<a href=\"https:\/\/gestionateonline.com.ar\/?product=seminario-taller-de-coreografo-marcial\" class=\"elementor-button-link elementor-button elementor-size-sm\" role=\"button\">\n\t\t\t\t\t\t<span class=\"elementor-button-content-wrapper\">\n\t\t\t\t\t\t<span class=\"elementor-button-text\">Empezar ahora<\/span>\n\t\t<\/span>\n\t\t\t\t\t<\/a>\n\t\t<\/div>\n\t\t\t\t<\/div>\n\t\t\t\t<\/div>\n\t\t\t\t\t<\/div>\n\t\t<\/div>\n\t\t\t\t\t\t\t<\/div>\n\t\t<\/section>\n\t\t\t\t<section class=\"elementor-section elementor-top-section elementor-element elementor-element-5b410dd9 elementor-section-boxed elementor-section-height-default elementor-section-height-default\" data-id=\"5b410dd9\" data-element_type=\"section\">\n\t\t\t\t\t\t<div class=\"elementor-container elementor-column-gap-default\">\n\t\t\t\t\t<div class=\"elementor-column elementor-col-100 elementor-top-column elementor-element elementor-element-75cbf382\" data-id=\"75cbf382\" data-element_type=\"column\">\n\t\t\t<div class=\"elementor-widget-wrap elementor-element-populated\">\n\t\t\t\t\t\t\t\t<div class=\"elementor-element elementor-element-2404ae1d elementor-widget elementor-widget-image\" data-id=\"2404ae1d\" data-element_type=\"widget\" data-widget_type=\"image.default\">\n\t\t\t\t<div class=\"elementor-widget-container\">\n\t\t\t\t\t\t\t\t\t\t\t\t<figure class=\"wp-caption\">\n\t\t\t\t\t\t\t\t\t\t<img width=\"200\" height=\"200\" src=\"https:\/\/kickboxing.com.ar\/wp-content\/uploads\/2023\/02\/1600908513276.jpg\" class=\"attachment-large size-large\" alt=\"\" loading=\"lazy\" srcset=\"https:\/\/kickboxing.com.ar\/wp-content\/uploads\/2023\/02\/1600908513276.jpg 200w, https:\/\/kickboxing.com.ar\/wp-content\/uploads\/2023\/02\/1600908513276-150x150.jpg 150w\" sizes=\"(max-width: 200px) 100vw, 200px\" \/>\t\t\t\t\t\t\t\t\t\t\t<figcaption class=\"widget-image-caption wp-caption-text\">GESTIONATE CENTRO ASOCIADO A LA CAMARA ARGENTINA para la formaci\u00f3n profesional y capacitaci\u00f3n laboral<\/figcaption>\n\t\t\t\t\t\t\t\t\t\t<\/figure>\n\t\t\t\t\t\t\t\t\t<\/div>\n\t\t\t\t<\/div>\n\t\t\t\t\t<\/div>\n\t\t<\/div>\n\t\t\t\t\t\t\t<\/div>\n\t\t<\/section>\n\t\t\t\t\t\t\t<\/div>\n\t\t","protected":false},"excerpt":{"rendered":"<p>Capacitaci\u00f3n en dise\u00f1o coreogr\u00e1fico marcial La Academia A13, dentro de sus propuestas de Capacitaci\u00f3n, considera como l\u00ednea de acci\u00f3n la creaci\u00f3n de un seminario \/ taller de formaci\u00f3n que posibilite a los profesores, instructores y practicantes de disciplinas marciales acceder a una preparaci\u00f3n que los habilite para crear, conducir y ejecutar coreograf\u00edas marciales que sean &hellip;<\/p>\n<p class=\"read-more\"> <a class=\"\" href=\"https:\/\/kickboxing.com.ar\/index.php\/2023\/02\/24\/seminario-taller-de-coreografo-marcial\/\"> <span class=\"screen-reader-text\">Seminario \/ taller de core\u00f3grafo marcial<\/span> Read More &raquo;<\/a><\/p>\n","protected":false},"author":1,"featured_media":0,"comment_status":"closed","ping_status":"open","sticky":false,"template":"","format":"standard","meta":{"om_disable_all_campaigns":false,"_monsterinsights_skip_tracking":false,"_monsterinsights_sitenote_active":false,"_monsterinsights_sitenote_note":"","_monsterinsights_sitenote_category":0,"site-sidebar-layout":"default","site-content-layout":"default","ast-main-header-display":"","ast-hfb-above-header-display":"","ast-hfb-below-header-display":"","ast-hfb-mobile-header-display":"","site-post-title":"","ast-breadcrumbs-content":"","ast-featured-img":"","footer-sml-layout":"","theme-transparent-header-meta":"","adv-header-id-meta":"","stick-header-meta":"","header-above-stick-meta":"","header-main-stick-meta":"","header-below-stick-meta":""},"categories":[10,15],"tags":[],"_links":{"self":[{"href":"https:\/\/kickboxing.com.ar\/index.php\/wp-json\/wp\/v2\/posts\/1259"}],"collection":[{"href":"https:\/\/kickboxing.com.ar\/index.php\/wp-json\/wp\/v2\/posts"}],"about":[{"href":"https:\/\/kickboxing.com.ar\/index.php\/wp-json\/wp\/v2\/types\/post"}],"author":[{"embeddable":true,"href":"https:\/\/kickboxing.com.ar\/index.php\/wp-json\/wp\/v2\/users\/1"}],"replies":[{"embeddable":true,"href":"https:\/\/kickboxing.com.ar\/index.php\/wp-json\/wp\/v2\/comments?post=1259"}],"version-history":[{"count":58,"href":"https:\/\/kickboxing.com.ar\/index.php\/wp-json\/wp\/v2\/posts\/1259\/revisions"}],"predecessor-version":[{"id":1565,"href":"https:\/\/kickboxing.com.ar\/index.php\/wp-json\/wp\/v2\/posts\/1259\/revisions\/1565"}],"wp:attachment":[{"href":"https:\/\/kickboxing.com.ar\/index.php\/wp-json\/wp\/v2\/media?parent=1259"}],"wp:term":[{"taxonomy":"category","embeddable":true,"href":"https:\/\/kickboxing.com.ar\/index.php\/wp-json\/wp\/v2\/categories?post=1259"},{"taxonomy":"post_tag","embeddable":true,"href":"https:\/\/kickboxing.com.ar\/index.php\/wp-json\/wp\/v2\/tags?post=1259"}],"curies":[{"name":"wp","href":"https:\/\/api.w.org\/{rel}","templated":true}]}}